{"id":19147,"date":"2026-08-30T18:35:15","date_gmt":"2026-08-30T16:35:15","guid":{"rendered":"https:\/\/villagedefeves.fr\/?p=19147"},"modified":"2026-08-30T18:39:32","modified_gmt":"2026-08-30T16:39:32","slug":"information","status":"publish","type":"post","link":"https:\/\/villagedefeves.fr\/?p=19147","title":{"rendered":"Information"},"content":{"rendered":"\t\t<div data-elementor-type=\"wp-post\" data-elementor-id=\"19147\" class=\"elementor elementor-19147\">\n\t\t\t\t\t\t<section class=\"elementor-section elementor-top-section elementor-element elementor-element-cb08a56 elementor-section-boxed elementor-section-height-default elementor-section-height-default\" data-id=\"cb08a56\" data-element_type=\"section\" data-e-type=\"section\">\n\t\t\t\t\t\t<div class=\"elementor-container elementor-column-gap-default\">\n\t\t\t\t\t<div class=\"elementor-column elementor-col-100 elementor-top-column elementor-element elementor-element-0d4005b\" data-id=\"0d4005b\" data-element_type=\"column\" data-e-type=\"column\">\n\t\t\t<div class=\"elementor-widget-wrap elementor-element-populated\">\n\t\t\t\t\t\t<div class=\"elementor-element elementor-element-b2a988f elementor-widget elementor-widget-text-editor\" data-id=\"b2a988f\" data-element_type=\"widget\" data-e-type=\"widget\" data-widget_type=\"text-editor.default\">\n\t\t\t\t<div class=\"elementor-widget-container\">\n\t\t\t\t\t\t\t\t\t<p>\u26a0\ufe0f Information\u00a0<\/p><p>Un campement de plus de 250 caravanes s\u2019est install\u00e9 de mani\u00e8re illicite sur le territoire de Norroy-le-Veneur, \u00e0 proximit\u00e9 des terrains situ\u00e9s rues des Cumelottes et du P\u00e2tural.<\/p><p>Nos villages n\u2019\u00e9tant pas dimensionn\u00e9s pour accueillir une telle augmentation ponctuelle de population, cette situation peut occasionner certains d\u00e9sagr\u00e9ments, notamment au niveau de la circulation, des voiries et aux abords des habitations.<\/p><p>Nous invitons donc chacun \u00e0 rester vigilant, tout en gardant une attitude mesur\u00e9e.<\/p><p>Nous restons pleinement mobilis\u00e9s et suivons attentivement l\u2019\u00e9volution de la situation. Nous vous tiendrons inform\u00e9s d\u00e8s que nous disposerons d\u2019\u00e9l\u00e9ments concrets et v\u00e9rifi\u00e9s.<\/p><p>Merci \u00e0 tous pour votre compr\u00e9hension et votre civisme.<\/p>\t\t\t\t\t\t\t\t<\/div>\n\t\t\t\t<\/div>\n\t\t\t\t\t<\/div>\n\t\t<\/div>\n\t\t\t\t\t<\/div>\n\t\t<\/section>\n\t\t\t\t<\/div>\n\t\t","protected":false},"excerpt":{"rendered":"<p>\u26a0\ufe0f Information\u00a0 Un campement de plus de 250 caravanes s\u2019est install\u00e9 de mani\u00e8re illicite sur le territoire de Norroy-le-Veneur, \u00e0 proximit\u00e9 des terrains situ\u00e9s rues des Cumelottes et du P\u00e2tural. Nos villages n\u2019\u00e9tant pas dimensionn\u00e9s pour accueillir une telle augmentation ponctuelle de population, cette situation peut occasionner certains d\u00e9sagr\u00e9ments, notamment au niveau de la circulation, &#8230; <a title=\"Information\" class=\"read-more\" href=\"https:\/\/villagedefeves.fr\/?p=19147\" aria-label=\"En savoir plus sur Information\">Lire la suite<\/a><\/p>\n","protected":false},"author":1,"featured_media":0,"comment_status":"closed","ping_status":"open","sticky":false,"template":"","format":"standard","meta":{"footnotes":""},"categories":[459],"tags":[],"class_list":["post-19147","post","type-post","status-publish","format-standard","hentry","category-articles"],"_links":{"self":[{"href":"https:\/\/villagedefeves.fr\/index.php?rest_route=\/wp\/v2\/posts\/19147","targetHints":{"allow":["GET"]}}],"collection":[{"href":"https:\/\/villagedefeves.fr\/index.php?rest_route=\/wp\/v2\/posts"}],"about":[{"href":"https:\/\/villagedefeves.fr\/index.php?rest_route=\/wp\/v2\/types\/post"}],"author":[{"embeddable":true,"href":"https:\/\/villagedefeves.fr\/index.php?rest_route=\/wp\/v2\/users\/1"}],"replies":[{"embeddable":true,"href":"https:\/\/villagedefeves.fr\/index.php?rest_route=%2Fwp%2Fv2%2Fcomments&post=19147"}],"version-history":[{"count":3,"href":"https:\/\/villagedefeves.fr\/index.php?rest_route=\/wp\/v2\/posts\/19147\/revisions"}],"predecessor-version":[{"id":19150,"href":"https:\/\/villagedefeves.fr\/index.php?rest_route=\/wp\/v2\/posts\/19147\/revisions\/19150"}],"wp:attachment":[{"href":"https:\/\/villagedefeves.fr\/index.php?rest_route=%2Fwp%2Fv2%2Fmedia&parent=19147"}],"wp:term":[{"taxonomy":"category","embeddable":true,"href":"https:\/\/villagedefeves.fr\/index.php?rest_route=%2Fwp%2Fv2%2Fcategories&post=19147"},{"taxonomy":"post_tag","embeddable":true,"href":"https:\/\/villagedefeves.fr\/index.php?rest_route=%2Fwp%2Fv2%2Ftags&post=19147"}],"curies":[{"name":"wp","href":"https:\/\/api.w.org\/{rel}","templated":true}]}}